{"id":307,"date":"2022-05-03T00:54:00","date_gmt":"2022-05-02T22:54:00","guid":{"rendered":"https:\/\/www.ismaelnuino.be\/?p=307"},"modified":"2023-08-25T02:45:24","modified_gmt":"2023-08-25T00:45:24","slug":"focus-sur-ismael-nuino-nouveau-president-de-generation-engagee","status":"publish","type":"post","link":"https:\/\/www.ismaelnuino.be\/?p=307","title":{"rendered":"Focus sur Isma\u00ebl Nuino, nouveau pr\u00e9sident de G\u00e9n\u00e9ration Engag\u00e9e"},"content":{"rendered":"\t\t<div data-elementor-type=\"wp-post\" data-elementor-id=\"307\" class=\"elementor elementor-307\" data-elementor-post-type=\"post\">\n\t\t\t\t\t\t\t\t\t<section class=\"elementor-section elementor-top-section elementor-element elementor-element-1e7430e6 elementor-section-boxed elementor-section-height-default elementor-section-height-default\" data-id=\"1e7430e6\" data-element_type=\"section\">\n\t\t\t\t\t\t<div class=\"elementor-container elementor-column-gap-default\">\n\t\t\t\t\t<div class=\"elementor-column elementor-col-100 elementor-top-column elementor-element elementor-element-59262245\" data-id=\"59262245\" data-element_type=\"column\">\n\t\t\t<div class=\"elementor-widget-wrap elementor-element-populated\">\n\t\t\t\t\t\t\t\t<div class=\"elementor-element elementor-element-28a5e5a elementor-widget elementor-widget-text-editor\" data-id=\"28a5e5a\" data-element_type=\"widget\" data-widget_type=\"text-editor.default\">\n\t\t\t\t<div class=\"elementor-widget-container\">\n\t\t\t<style>\/*! elementor - v3.15.0 - 09-08-2023 *\/\n.elementor-widget-text-editor.elementor-drop-cap-view-stacked .elementor-drop-cap{background-color:#69727d;color:#fff}.elementor-widget-text-editor.elementor-drop-cap-view-framed .elementor-drop-cap{color:#69727d;border:3px solid;background-color:transparent}.elementor-widget-text-editor:not(.elementor-drop-cap-view-default) .elementor-drop-cap{margin-top:8px}.elementor-widget-text-editor:not(.elementor-drop-cap-view-default) .elementor-drop-cap-letter{width:1em;height:1em}.elementor-widget-text-editor .elementor-drop-cap{float:left;text-align:center;line-height:1;font-size:50px}.elementor-widget-text-editor .elementor-drop-cap-letter{display:inline-block}<\/style>\t\t\t\t<!-- wp:video -->\n<figure class=\"wp-block-video\"><\/figure>\n<!-- \/wp:video -->\t\t\t\t\t\t<\/div>\n\t\t\t\t<\/div>\n\t\t\t\t\t<\/div>\n\t\t<\/div>\n\t\t\t\t\t\t\t<\/div>\n\t\t<\/section>\n\t\t\t\t<section class=\"elementor-section elementor-top-section elementor-element elementor-element-26c5b90 elementor-section-boxed elementor-section-height-default elementor-section-height-default\" data-id=\"26c5b90\" data-element_type=\"section\">\n\t\t\t\t\t\t<div class=\"elementor-container elementor-column-gap-default\">\n\t\t\t\t\t<div class=\"elementor-column elementor-col-100 elementor-top-column elementor-element elementor-element-10e913c\" data-id=\"10e913c\" data-element_type=\"column\">\n\t\t\t<div class=\"elementor-widget-wrap elementor-element-populated\">\n\t\t\t\t\t\t\t\t<div class=\"elementor-element elementor-element-b04296d elementor-widget elementor-widget-text-editor\" data-id=\"b04296d\" data-element_type=\"widget\" data-widget_type=\"text-editor.default\">\n\t\t\t\t<div class=\"elementor-widget-container\">\n\t\t\t\t\t\t\t<p style=\"border-width: 0px; border-color: rgba(228,228,231,var(--tw-border-opacity)); border-image: initial; --tw-border-opacity: 1; --tw-shadow: 0 0 #0000; --tw-ring-inset: var(--tw-empty, ); --tw-ring-offset-width: 0px; --tw-ring-offset-color: #fff; --tw-ring-color: rgba(59,130,246,0.5); --tw-ring-offset-shadow: 0 0 #0000; --tw-ring-shadow: 0 0 #0000; margin: 0px 0px 1.5rem; font-size: 1.3125rem; font-family: 'Open Sans', Helvetica, Arial, sans-serif; line-height: 1.75rem; outline: transparent none 0px; color: #262729; background-color: #ffffff;\"><span style=\"border-width: 0px; border-color: rgba(228,228,231,var(--tw-border-opacity)); border-image: initial; --tw-border-opacity: 1; --tw-shadow: 0 0 #0000; --tw-ring-inset: var(--tw-empty, ); --tw-ring-offset-width: 0px; --tw-ring-offset-color: #fff; --tw-ring-color: rgba(59,130,246,0.5); --tw-ring-offset-shadow: 0 0 #0000; --tw-ring-shadow: 0 0 #0000; outline: transparent none 0px;\"><img loading=\"lazy\" decoding=\"async\" class=\" wp-image-131 alignleft\" src=\"https:\/\/www.ismaelnuino.be\/wp-content\/uploads\/2023\/08\/Design-sans-titre-76-300x300.png\" alt=\"\" width=\"147\" height=\"147\" srcset=\"https:\/\/www.ismaelnuino.be\/wp-content\/uploads\/2023\/08\/Design-sans-titre-76-300x300.png 300w, https:\/\/www.ismaelnuino.be\/wp-content\/uploads\/2023\/08\/Design-sans-titre-76-100x100.png 100w, https:\/\/www.ismaelnuino.be\/wp-content\/uploads\/2023\/08\/Design-sans-titre-76-600x600.png 600w, https:\/\/www.ismaelnuino.be\/wp-content\/uploads\/2023\/08\/Design-sans-titre-76-1024x1024.png 1024w, https:\/\/www.ismaelnuino.be\/wp-content\/uploads\/2023\/08\/Design-sans-titre-76-150x150.png 150w, https:\/\/www.ismaelnuino.be\/wp-content\/uploads\/2023\/08\/Design-sans-titre-76-768x768.png 768w, https:\/\/www.ismaelnuino.be\/wp-content\/uploads\/2023\/08\/Design-sans-titre-76.png 1080w\" sizes=\"auto, (max-width: 147px) 100vw, 147px\" \/>Originaire de Charleroi, le jeune homme de 22 ans, int\u00e8gre l\u2019\u00e9quipe de Didier Wauters. Avec l\u2019ambition de faire remonter Les Engag\u00e9s dans la majorit\u00e9.<\/span><\/p>\n<div><span style=\"border-width: 0px; border-color: rgba(228,228,231,var(--tw-border-opacity)); border-image: initial; --tw-border-opacity: 1; --tw-shadow: 0 0 #0000; --tw-ring-inset: var(--tw-empty, ); --tw-ring-offset-width: 0px; --tw-ring-offset-color: #fff; --tw-ring-color: rgba(59,130,246,0.5); --tw-ring-offset-shadow: 0 0 #0000; --tw-ring-shadow: 0 0 #0000; outline: transparent none 0px;\">\u00a0<\/span><\/div>\t\t\t\t\t\t<\/div>\n\t\t\t\t<\/div>\n\t\t\t\t\t<\/div>\n\t\t<\/div>\n\t\t\t\t\t\t\t<\/div>\n\t\t<\/section>\n\t\t\t\t\t\t\t<\/div>\n\t\t","protected":false},"excerpt":{"rendered":"<p>Originaire de Charleroi, le jeune homme de 22 ans, int\u00e8gre l\u2019\u00e9quipe de Didier Wauters. Avec l\u2019ambition de faire remonter Les Engag\u00e9s dans la majorit\u00e9.<\/p>\n","protected":false},"author":2,"featured_media":0,"comment_status":"closed","ping_status":"closed","sticky":false,"template":"","format":"standard","meta":{"footnotes":""},"categories":[1],"tags":[],"class_list":["post-307","post","type-post","status-publish","format-standard","hentry","category-non-classe"],"jetpack_featured_media_url":"","_links":{"self":[{"href":"https:\/\/www.ismaelnuino.be\/index.php?rest_route=\/wp\/v2\/posts\/307","targetHints":{"allow":["GET"]}}],"collection":[{"href":"https:\/\/www.ismaelnuino.be\/index.php?rest_route=\/wp\/v2\/posts"}],"about":[{"href":"https:\/\/www.ismaelnuino.be\/index.php?rest_route=\/wp\/v2\/types\/post"}],"author":[{"embeddable":true,"href":"https:\/\/www.ismaelnuino.be\/index.php?rest_route=\/wp\/v2\/users\/2"}],"replies":[{"embeddable":true,"href":"https:\/\/www.ismaelnuino.be\/index.php?rest_route=%2Fwp%2Fv2%2Fcomments&post=307"}],"version-history":[{"count":4,"href":"https:\/\/www.ismaelnuino.be\/index.php?rest_route=\/wp\/v2\/posts\/307\/revisions"}],"predecessor-version":[{"id":327,"href":"https:\/\/www.ismaelnuino.be\/index.php?rest_route=\/wp\/v2\/posts\/307\/revisions\/327"}],"wp:attachment":[{"href":"https:\/\/www.ismaelnuino.be\/index.php?rest_route=%2Fwp%2Fv2%2Fmedia&parent=307"}],"wp:term":[{"taxonomy":"category","embeddable":true,"href":"https:\/\/www.ismaelnuino.be\/index.php?rest_route=%2Fwp%2Fv2%2Fcategories&post=307"},{"taxonomy":"post_tag","embeddable":true,"href":"https:\/\/www.ismaelnuino.be\/index.php?rest_route=%2Fwp%2Fv2%2Ftags&post=307"}],"curies":[{"name":"wp","href":"https:\/\/api.w.org\/{rel}","templated":true}]}}