{"id":507,"date":"2023-09-14T13:10:48","date_gmt":"2023-09-14T11:10:48","guid":{"rendered":"https:\/\/www.ismaelnuino.be\/?p=507"},"modified":"2023-09-14T13:28:03","modified_gmt":"2023-09-14T11:28:03","slug":"elementor-507","status":"publish","type":"post","link":"https:\/\/www.ismaelnuino.be\/?p=507","title":{"rendered":"Mon passage \u00e0 la radio AraBel FM"},"content":{"rendered":"\t\t<div data-elementor-type=\"wp-post\" data-elementor-id=\"507\" class=\"elementor elementor-507\" data-elementor-post-type=\"post\">\n\t\t\t\t\t\t\t\t\t<section class=\"elementor-section elementor-top-section elementor-element elementor-element-1ab1037 elementor-section-boxed elementor-section-height-default elementor-section-height-default\" data-id=\"1ab1037\" data-element_type=\"section\">\n\t\t\t\t\t\t<div class=\"elementor-container elementor-column-gap-default\">\n\t\t\t\t\t<div class=\"elementor-column elementor-col-100 elementor-top-column elementor-element elementor-element-3764ffe\" data-id=\"3764ffe\" data-element_type=\"column\">\n\t\t\t<div class=\"elementor-widget-wrap elementor-element-populated\">\n\t\t\t\t\t\t\t\t<div class=\"elementor-element elementor-element-817cf86 elementor-widget elementor-widget-text-editor\" data-id=\"817cf86\" data-element_type=\"widget\" data-widget_type=\"text-editor.default\">\n\t\t\t\t<div class=\"elementor-widget-container\">\n\t\t\t<style>\/*! elementor - v3.15.0 - 09-08-2023 *\/\n.elementor-widget-text-editor.elementor-drop-cap-view-stacked .elementor-drop-cap{background-color:#69727d;color:#fff}.elementor-widget-text-editor.elementor-drop-cap-view-framed .elementor-drop-cap{color:#69727d;border:3px solid;background-color:transparent}.elementor-widget-text-editor:not(.elementor-drop-cap-view-default) .elementor-drop-cap{margin-top:8px}.elementor-widget-text-editor:not(.elementor-drop-cap-view-default) .elementor-drop-cap-letter{width:1em;height:1em}.elementor-widget-text-editor .elementor-drop-cap{float:left;text-align:center;line-height:1;font-size:50px}.elementor-widget-text-editor .elementor-drop-cap-letter{display:inline-block}<\/style>\t\t\t\t<p>Mon dernier passage ce 13 Spetembre 2023 dans l&#8217;\u00e9mission politique Carrefour de l&#8217;info sur la radio Bruxelloise Arabel FM.<\/p>\t\t\t\t\t\t<\/div>\n\t\t\t\t<\/div>\n\t\t\t\t\t<\/div>\n\t\t<\/div>\n\t\t\t\t\t\t\t<\/div>\n\t\t<\/section>\n\t\t\t\t<section class=\"elementor-section elementor-top-section elementor-element elementor-element-a4468d4 elementor-section-boxed elementor-section-height-default elementor-section-height-default\" data-id=\"a4468d4\" data-element_type=\"section\">\n\t\t\t\t\t\t<div class=\"elementor-container elementor-column-gap-default\">\n\t\t\t\t\t<div class=\"elementor-column elementor-col-50 elementor-top-column elementor-element elementor-element-a2e4fb0\" data-id=\"a2e4fb0\" data-element_type=\"column\">\n\t\t\t<div class=\"elementor-widget-wrap elementor-element-populated\">\n\t\t\t\t\t\t\t\t<div class=\"elementor-element elementor-element-a34e54f elementor-widget elementor-widget-image\" data-id=\"a34e54f\" data-element_type=\"widget\" data-widget_type=\"image.default\">\n\t\t\t\t<div class=\"elementor-widget-container\">\n\t\t\t<style>\/*! elementor - v3.15.0 - 09-08-2023 *\/\n.elementor-widget-image{text-align:center}.elementor-widget-image a{display:inline-block}.elementor-widget-image a img[src$=\".svg\"]{width:48px}.elementor-widget-image img{vertical-align:middle;display:inline-block}<\/style>\t\t\t\t\t\t\t\t\t\t\t\t\t<a href=\"https:\/\/podcasts.apple.com\/us\/podcast\/%C3%A9mission-du-13-september-2023\/id1534496044?i=1000627723355\">\n\t\t\t\t\t\t\t<img loading=\"lazy\" decoding=\"async\" width=\"313\" height=\"313\" src=\"https:\/\/www.ismaelnuino.be\/wp-content\/uploads\/2023\/09\/313x0w.webp\" class=\"attachment-large size-large wp-image-509\" alt=\"\" srcset=\"https:\/\/www.ismaelnuino.be\/wp-content\/uploads\/2023\/09\/313x0w.webp 313w, https:\/\/www.ismaelnuino.be\/wp-content\/uploads\/2023\/09\/313x0w-300x300.webp 300w, https:\/\/www.ismaelnuino.be\/wp-content\/uploads\/2023\/09\/313x0w-150x150.webp 150w, https:\/\/www.ismaelnuino.be\/wp-content\/uploads\/2023\/09\/313x0w-100x100.webp 100w\" sizes=\"auto, (max-width: 313px) 100vw, 313px\" \/>\t\t\t\t\t\t\t\t<\/a>\n\t\t\t\t\t\t\t\t\t\t\t\t\t\t\t<\/div>\n\t\t\t\t<\/div>\n\t\t\t\t\t<\/div>\n\t\t<\/div>\n\t\t\t\t<div class=\"elementor-column elementor-col-50 elementor-top-column elementor-element elementor-element-a7cf3f3\" data-id=\"a7cf3f3\" data-element_type=\"column\">\n\t\t\t<div class=\"elementor-widget-wrap elementor-element-populated\">\n\t\t\t\t\t\t\t\t<div class=\"elementor-element elementor-element-b691abe elementor-widget elementor-widget-text-editor\" data-id=\"b691abe\" data-element_type=\"widget\" data-widget_type=\"text-editor.default\">\n\t\t\t\t<div class=\"elementor-widget-container\">\n\t\t\t\t\t\t\t<p>Du tremblement de terre au Maroc \u00e0 la r\u00e9forme des \u00e9tudes sup\u00e9rieures, plusieurs sujets \u00e9voqu\u00e9s o\u00f9 je d\u00e9veloppe les positions de notre parti les Engag\u00e9s et ma vision d&#8217;avenir pour Bruxelles.<\/p>\n<p>Vous pouvez commencer \u00e0 la 9i\u00e8me minute !<\/p>\t\t\t\t\t\t<\/div>\n\t\t\t\t<\/div>\n\t\t\t\t\t<\/div>\n\t\t<\/div>\n\t\t\t\t\t\t\t<\/div>\n\t\t<\/section>\n\t\t\t\t\t\t\t<\/div>\n\t\t","protected":false},"excerpt":{"rendered":"<p>Mon dernier passage ce 13 Spetembre 2023 dans l&#8217;\u00e9mission politique Carrefour de l&#8217;info sur la radio Bruxelloise Arabel FM. Du tremblement de terre au Maroc \u00e0 la r\u00e9forme des \u00e9tudes sup\u00e9rieures, plusieurs sujets \u00e9voqu\u00e9s o\u00f9 je d\u00e9veloppe les positions de notre parti les Engag\u00e9s et ma vision d&#8217;avenir pour Bruxelles. Vous pouvez commencer \u00e0 la [&hellip;]<\/p>\n","protected":false},"author":2,"featured_media":0,"comment_status":"open","ping_status":"open","sticky":false,"template":"","format":"standard","meta":{"footnotes":""},"categories":[1],"tags":[],"class_list":["post-507","post","type-post","status-publish","format-standard","hentry","category-non-classe"],"jetpack_featured_media_url":"","_links":{"self":[{"href":"https:\/\/www.ismaelnuino.be\/index.php?rest_route=\/wp\/v2\/posts\/507","targetHints":{"allow":["GET"]}}],"collection":[{"href":"https:\/\/www.ismaelnuino.be\/index.php?rest_route=\/wp\/v2\/posts"}],"about":[{"href":"https:\/\/www.ismaelnuino.be\/index.php?rest_route=\/wp\/v2\/types\/post"}],"author":[{"embeddable":true,"href":"https:\/\/www.ismaelnuino.be\/index.php?rest_route=\/wp\/v2\/users\/2"}],"replies":[{"embeddable":true,"href":"https:\/\/www.ismaelnuino.be\/index.php?rest_route=%2Fwp%2Fv2%2Fcomments&post=507"}],"version-history":[{"count":11,"href":"https:\/\/www.ismaelnuino.be\/index.php?rest_route=\/wp\/v2\/posts\/507\/revisions"}],"predecessor-version":[{"id":520,"href":"https:\/\/www.ismaelnuino.be\/index.php?rest_route=\/wp\/v2\/posts\/507\/revisions\/520"}],"wp:attachment":[{"href":"https:\/\/www.ismaelnuino.be\/index.php?rest_route=%2Fwp%2Fv2%2Fmedia&parent=507"}],"wp:term":[{"taxonomy":"category","embeddable":true,"href":"https:\/\/www.ismaelnuino.be\/index.php?rest_route=%2Fwp%2Fv2%2Fcategories&post=507"},{"taxonomy":"post_tag","embeddable":true,"href":"https:\/\/www.ismaelnuino.be\/index.php?rest_route=%2Fwp%2Fv2%2Ftags&post=507"}],"curies":[{"name":"wp","href":"https:\/\/api.w.org\/{rel}","templated":true}]}}